{"id":18541,"date":"2026-09-02T14:42:23","date_gmt":"2026-09-02T11:42:23","guid":{"rendered":"https:\/\/turkelli.com\/wordpress\/?p=18541"},"modified":"2026-09-04T16:10:00","modified_gmt":"2026-09-04T13:10:00","slug":"trabzon-sanatevi-kimleri-rahatsiz-etti","status":"publish","type":"post","link":"https:\/\/turkelli.com\/wordpress\/2026\/09\/02\/trabzon-sanatevi-kimleri-rahatsiz-etti\/","title":{"rendered":"Trabzon Sanatevi Kimleri Rahats\u0131z Etti?"},"content":{"rendered":"<p>Trabzon Sanatevi&#8217;nin bo\u015faltma karar\u0131.02.09.2026<!--more--><\/p>\n<p>Trabzon Sanatevi&#8217;nin bo\u015faltma karar\u0131n\u0131 Trabzon Valisi vermi\u015f.<\/p>\n<p>Ne olacakm\u0131\u015f? Trabzon \u00dcniversitesi&#8217;ne devredilecekmi\u015f.<\/p>\n<p>&nbsp;<\/p>\n<p><a href=\"https:\/\/turkelli.com\/wordpress\/wp-content\/uploads\/2025-Trabzon-23b-Sanatevi.jpg\"><img loading=\"lazy\" decoding=\"async\" class=\"alignnone wp-image-18543 size-medium\" src=\"https:\/\/turkelli.com\/wordpress\/wp-content\/uploads\/2025-Trabzon-23b-Sanatevi-300x200.jpg\" alt=\"\" width=\"300\" height=\"200\" srcset=\"https:\/\/turkelli.com\/wordpress\/wp-content\/uploads\/2025-Trabzon-23b-Sanatevi-300x200.jpg 300w, https:\/\/turkelli.com\/wordpress\/wp-content\/uploads\/2025-Trabzon-23b-Sanatevi-768x512.jpg 768w, https:\/\/turkelli.com\/wordpress\/wp-content\/uploads\/2025-Trabzon-23b-Sanatevi.jpg 1200w\" sizes=\"auto, (max-width: 300px) 100vw, 300px\" \/><\/a><\/p>\n<p>NOT: Trabzon Sanatevi&#8217;nin d\u00fczenledi\u011fi 15. Uluslararas\u0131 Sanat G\u00fcnleri&#8217;nde sergi a\u00e7maya gitti\u011fimde \u00e7ekmi\u015ftim.<\/p>\n<p>Bu konuda hayli \u00e7ok yaz\u0131, uyar\u0131 ya da dilekler belirtildi. Ama Vali &#8220;kula\u011f\u0131n\u0131n \u00fczerine yatma&#8221; deyimindeki gibi duymuyor. Sanatevi kurucusu, uzun y\u0131llar ba\u015fkanl\u0131\u011f\u0131n\u0131 yapm\u0131\u015f, karikat\u00fcr sanat\u00e7\u0131s\u0131 Adnan Ta\u00e7 ve di\u011fer sanat\u00e7\u0131lar, Milletvekilleri, Ortahisar Belediye Ba\u015fkan\u0131 Ahmet Kaya, Belediye meclis \u00fcyeleri, vatanda\u015flar tepkilerini g\u00f6sterdiler.<\/p>\n<p>Trabzon&#8217;da yeni ba\u015fkan \u00f6\u011fretmen, yazar Mehmet Kuvvet ile Sanatevi bile\u015fenleri dernekler bas\u0131n duyurusu yapt\u0131lar.<\/p>\n<div dir=\"auto\">Trabzon Sanatevi Bile\u015fenleri:<\/div>\n<div dir=\"auto\">Trabzon Sanatevi Derne\u011fi<\/div>\n<div dir=\"auto\">T\u00fcrkiye Yazarlar Birli\u011fi Dene\u011fi Trabzon \u015eubesi<\/div>\n<div dir=\"auto\">Karadeniz Yazarlar Birli\u011fi Derne\u011fi<\/div>\n<div dir=\"auto\">Karadeniz Plastik Sanatlar Derne\u011fi<\/div>\n<div dir=\"auto\">\u00c7a\u011fda\u015f Yazarlar ve Sanat\u00e7\u0131lar Derne\u011fi<\/div>\n<div dir=\"auto\">Trabzon Liselerinden Yeti\u015fenler Derne\u011fi<\/div>\n<div dir=\"auto\">Trabzon Foto\u011fraf Sanat\u0131 Derne\u011fi<\/div>\n<div dir=\"auto\">Trabzon M\u00fczik ve Halkoyunlar\u0131 Derne\u011fi<\/div>\n<div dir=\"auto\">Trabzon \u015eehir Tiyatrosu Derne\u011fi<\/div>\n<div dir=\"auto\">Trabzon Mizah Sanat\u0131 Derne\u011fi<\/div>\n<div dir=\"auto\"><\/div>\n<p>Bir \u00e7ok bilgiye Trabzon Sanatevi&#8217;nin FACEBOOK\u00a0 sayfas\u0131ndan eri\u015filebilir: <a href=\"https:\/\/www.facebook.com\/trabzonsanatevi\">TRABZON SANATEV\u0130<\/a><\/p>\n<p>K\u0131sacas\u0131; Trabzon Valisi bu karar\u0131n\u0131 iptal etmelidir.<\/p>\n","protected":false},"excerpt":{"rendered":"<p>Trabzon Sanatevi&#8217;nin bo\u015faltma karar\u0131.02.09.2026<\/p>\n","protected":false},"author":1,"featured_media":18542,"comment_status":"closed","ping_status":"closed","sticky":false,"template":"","format":"standard","meta":{"footnotes":""},"categories":[192,4],"tags":[],"hf_cat_post":[],"class_list":["post-18541","post","type-post","status-publish","format-standard","has-post-thumbnail","hentry","category-18-sakir-saglam","category-turkelli-haberleri"],"_links":{"self":[{"href":"https:\/\/turkelli.com\/wordpress\/wp-json\/wp\/v2\/posts\/18541","targetHints":{"allow":["GET"]}}],"collection":[{"href":"https:\/\/turkelli.com\/wordpress\/wp-json\/wp\/v2\/posts"}],"about":[{"href":"https:\/\/turkelli.com\/wordpress\/wp-json\/wp\/v2\/types\/post"}],"author":[{"embeddable":true,"href":"https:\/\/turkelli.com\/wordpress\/wp-json\/wp\/v2\/users\/1"}],"replies":[{"embeddable":true,"href":"https:\/\/turkelli.com\/wordpress\/wp-json\/wp\/v2\/comments?post=18541"}],"version-history":[{"count":6,"href":"https:\/\/turkelli.com\/wordpress\/wp-json\/wp\/v2\/posts\/18541\/revisions"}],"predecessor-version":[{"id":18549,"href":"https:\/\/turkelli.com\/wordpress\/wp-json\/wp\/v2\/posts\/18541\/revisions\/18549"}],"wp:featuredmedia":[{"embeddable":true,"href":"https:\/\/turkelli.com\/wordpress\/wp-json\/wp\/v2\/media\/18542"}],"wp:attachment":[{"href":"https:\/\/turkelli.com\/wordpress\/wp-json\/wp\/v2\/media?parent=18541"}],"wp:term":[{"taxonomy":"category","embeddable":true,"href":"https:\/\/turkelli.com\/wordpress\/wp-json\/wp\/v2\/categories?post=18541"},{"taxonomy":"post_tag","embeddable":true,"href":"https:\/\/turkelli.com\/wordpress\/wp-json\/wp\/v2\/tags?post=18541"},{"taxonomy":"hf_cat_post","embeddable":true,"href":"https:\/\/turkelli.com\/wordpress\/wp-json\/wp\/v2\/hf_cat_post?post=18541"}],"curies":[{"name":"wp","href":"https:\/\/api.w.org\/{rel}","templated":true}]}}