{"id":12278,"date":"2019-01-01T13:56:00","date_gmt":"2019-01-01T10:56:00","guid":{"rendered":"https:\/\/turkelli.com\/wordpress\/?p=12278"},"modified":"2026-03-30T14:47:51","modified_gmt":"2026-03-30T11:47:51","slug":"web-sitemiz-yeniden","status":"publish","type":"post","link":"https:\/\/turkelli.com\/wordpress\/2019\/01\/01\/web-sitemiz-yeniden\/","title":{"rendered":"Web Sitemiz, Yeniden!"},"content":{"rendered":"\n<p><strong>turkelli.com web sitemizde neler de\u011fi\u015fti<\/strong> ?<\/p>\n\n\n\n<!--more-->\n\n\n\n<p>turkelli.com , T\u00fcrkelli K\u00f6y\u00fc (O\u011fuz Mahallesi) i\u00e7in bir bellek say\u0131l\u0131r. Unutulabilir de\u011ferlere yatak-yurt kabul edilebilir.<\/p>\n\n\n\n<p>K\u00f6y\u00fcm\u00fczle ilgili bilgilere yenilerini eklemek g\u00f6revimiz. Bu g\u00f6reve siz de kat\u0131labilirsiniz:<\/p>\n\n\n\n<p><strong>Nas\u0131l kat\u0131labilirsiniz? \u00c7ok kolay!<\/strong><\/p>\n\n\n\n<p><strong>Ak\u0131ll\u0131 telefon ile fotograf \u00e7ekip, bir haber yaz\u0131p, bir belgeyi Telegram ya da whatsapp\u2019tan<\/strong><\/p>\n\n\n\n<p><strong>* Nural Emiro\u011flu \u2013 0 (542) 483 82 44<\/strong><\/p>\n\n\n\n<p><strong>* Orhan \u00d6zdemir \u2013 0 (538) 979 3242,<\/strong><\/p>\n\n\n\n<p><strong>* \u015eakir Sa\u011flam \u2013 0 (552) 200 5532 ye g\u00f6nderiniz.<\/strong><\/p>\n\n\n\n<p><strong>Bu kadar k\u0131sa ve basit.<\/strong><\/p>\n\n\n\n<p><\/p>\n\n\n\n<p>Yeni Web sitemizde neler de\u011fi\u015fti ?<\/p>\n\n\n\n<ul class=\"wp-block-list\">\n<li>Bu \u015fablonu geni\u015f, orta ve k\u00fc\u00e7\u00fck \u00f6l\u00e7ekli her ekrandan (responsive \u00f6zelli\u011fi nedeniyle) izleyebileceksiniz.<\/li>\n<\/ul>\n\n\n\n<ul class=\"wp-block-list\">\n<li>KOPYALAMA engeli koyduk, art\u0131k bilgilerinizi, fotograflar\u0131n\u0131z\u0131 al\u0131p kullanamayacaklar.<\/li>\n<\/ul>\n\n\n\n<ul class=\"wp-block-list\">\n<li>T\u00fcm men\u00fc renklerini Trabzonspor renklerinden yapt\u0131k.<\/li>\n<\/ul>\n\n\n\n<ul class=\"wp-block-list\">\n<li>ANASAYFA butonunda T\u00dcRKELL\u0130 yaz\u0131yor. <\/li>\n<\/ul>\n\n\n\n<ul class=\"wp-block-list\">\n<li>Siteyi a\u00e7t\u0131\u011f\u0131m\u0131zda g\u00f6r\u00fcnen slayt fotograflar dronla \u00e7ekilmi\u015ftir. Mesut \u00d6zdemir&#8217;e te\u015fekk\u00fcr ederiz.<\/li>\n<\/ul>\n\n\n\n<ul class=\"wp-block-list\">\n<li>Hemen yan\u0131nda SOY A\u011eACI size bak\u0131yor. (Soya\u011fac\u0131 Sayfalar\u0131m\u0131z\u0131n say\u0131s\u0131 113 oldu. Eksikleri bulduk\u00e7a ekleyece\u011fiz. Bu konuda derledi\u011fi bilgileri bizimle payla\u015fan Em. \u00d6\u011frt. Mustafa Hac\u0131alio\u011flu\u2019na, tabi Em. \u00d6\u011frt. Orhan \u00d6zdemir\u2019e \u00e7ok te\u015fekk\u00fcr ederiz.)<\/li>\n\n\n\n<li>Men\u00fcde SOY A\u011eACI butonu \u00fczerine t\u0131klamadan-mausu getirin, a\u00e7\u0131lan zarftan soyad\u0131n\u0131z\u0131n harfini bulun ve \u00fczerine gelin. \u0130\u015fte aile ad\u0131n\u0131z\u0131 buldunuz, TIKLAYINIZ.<\/li>\n<\/ul>\n\n\n\n<ul class=\"wp-block-list\">\n<li>T\u00fcm bilgileri grupland\u0131rd\u0131k. \u00dcstte, men\u00fcde adlar\u0131n \u00fczerine fare ile geldi\u011finizde zarf a\u00e7\u0131l\u0131r ve listedeki bilgiye t\u0131klad\u0131\u011f\u0131n\u0131zda, arad\u0131klar\u0131n\u0131za kolayca ula\u015f\u0131labileceksiniz.<\/li>\n<\/ul>\n\n\n\n<ul class=\"wp-block-list\">\n<li>Anasayfada sa\u011f \u00fcstte, mercek resmine t\u0131klay\u0131n. A\u00e7\u0131lan penceresine arad\u0131\u011f\u0131n\u0131z bir s\u00f6zc\u00fck yaz\u0131p ARAMA butonuna t\u0131klay\u0131n\u0131z, sitede istediklerinizi kolayca bulabilirsiniz.<\/li>\n<\/ul>\n\n\n\n<ul class=\"wp-block-list\">\n<li>Dil \u00c7evirici ekledik. En altta, GOOGLE ile d\u00fcnya dillerine \u00e7evrilen sitemizi daha \u00e7ok D\u00dcNYALI anlayabilecek.<\/li>\n<\/ul>\n\n\n\n<ul class=\"wp-block-list\">\n<li>Alt\u0131ndaki \u201cSaya\u00e7\u201d ile izlenme say\u0131m\u0131z\u0131 g\u00f6rece\u011fiz. Bilindi\u011fi gibi eski sitemizin sayac\u0131 18.02.2021 g\u00fcn\u00fc (4,455,975) g\u00f6steriyordu.<\/li>\n<\/ul>\n\n\n\n<ul class=\"wp-block-list\">\n<li>Takvim sa\u011f-yan s\u00fctunda.<\/li>\n<\/ul>\n\n\n\n<ul class=\"wp-block-list\">\n<li>\u0130LET\u0130\u015e\u0130M haberle\u015fme-bilgi g\u00f6nderme kolayl\u0131\u011f\u0131 sa\u011fl\u0131yor. \u00dcstte men\u00fcde. En altta (geni\u015f-uzun ak\u015fam fotograf\u0131n\u0131n i\u00e7inde), ileti\u015fim, site haritas\u0131 ve linklerden yararlanabilirsiniz.<\/li>\n<\/ul>\n\n\n\n<ul class=\"wp-block-list\">\n<li>Trabzon HAVA DURUMU\u2019nu daha geni\u015f izlemek i\u00e7in AnaSayfada, en altta Hava Durumu\u2019na bak\u0131n\u0131z.<\/li>\n<\/ul>\n\n\n\n<ul class=\"wp-block-list\">\n<li>T\u00fcrkelli\u2019yi; \u0130leti\u015fimde HAR\u0130TADAN izleyebilirsiniz.<\/li>\n<\/ul>\n\n\n\n<ul class=\"wp-block-list\">\n<li>Men\u00fcda ve AnaSayfada FOTOGRAF b\u00f6l\u00fcm\u00fcm\u00fcz\u00fc seveceksiniz. S\u00fcrekli yeni eklenen fotograflarla iyi seyirler.<\/li>\n<\/ul>\n\n\n\n<ul class=\"wp-block-list\">\n<li>M\u00fczik-Video sayfam\u0131zda \u00e7ok kalacaks\u0131n\u0131z, \u015fimdiden s\u00f6yleyelim. G\u00f6nderilerinizle \u00e7o\u011falacak.<\/li>\n<\/ul>\n\n\n\n<ul class=\"wp-block-list\">\n<li>YAZAR olmak ister misiniz? YAZAR-YAZI b\u00f6l\u00fcm\u00fcnde, yazar fotograflar\u0131yla-yaz\u0131lar\u0131 bir arada. Web sitemizdeki var olan t\u00fcm yaz\u0131lar\u0131, sahipleri sil demedi\u011fi s\u00fcrece (yerimiz var) bilgilendirici olacaklar.<\/li>\n<\/ul>\n\n\n\n<ul class=\"wp-block-list\">\n<li>Anasayfada, haberlerde; T\u00fcrkelli Postas\u0131, Do\u011fum Tarihleri, Ni\u015fan-d\u00fc\u011f\u00fcn Tarihleri, Aram\u0131zdan Ayr\u0131lma Tarihleri bulunuyor. <\/li>\n\n\n\n<li>Ayr\u0131ca haberleri; \u00fcstte men\u00fcde Haberlere ba\u011fl\u0131 \u201cT\u00fcrkelli Haberleri, \u201cNi\u015fan-D\u00fc\u011f\u00fcn Haberleri, \u201cAram\u0131zdan Ayr\u0131lanlar\u201d \u0131n haberlerini izleyebilirsiniz.<\/li>\n<\/ul>\n\n\n\n<ul class=\"wp-block-list\">\n<li>Projelerimizi g\u00fcc\u00fcm\u00fcz yetti\u011fince s\u00fcrd\u00fcrece\u011fiz. Ama\u00e7: T\u00fcrkelli\u2019ye bir miras b\u0131rakmak\u2026<\/li>\n<\/ul>\n\n\n\n<p>T\u00fcm\u00fcn\u00fcze, emekleriniz i\u00e7in te\u015fekk\u00fcr ederek\u2026<\/p>\n\n\n\n<p>G\u00dcZELL\u0130K GELECEK\u2026<\/p>\n\n\n\n<figure class=\"wp-block-image size-full is-resized\"><a href=\"https:\/\/turkelli.com\/wordpress\/wp-content\/uploads\/Komar-Gulu-70.jpg\"><img loading=\"lazy\" decoding=\"async\" width=\"1195\" height=\"782\" src=\"https:\/\/turkelli.com\/wordpress\/wp-content\/uploads\/Komar-Gulu-70.jpg\" alt=\"\" class=\"wp-image-12280\" style=\"width:424px;height:277px\" srcset=\"https:\/\/turkelli.com\/wordpress\/wp-content\/uploads\/Komar-Gulu-70.jpg 1195w, https:\/\/turkelli.com\/wordpress\/wp-content\/uploads\/Komar-Gulu-70-300x196.jpg 300w, https:\/\/turkelli.com\/wordpress\/wp-content\/uploads\/Komar-Gulu-70-768x503.jpg 768w\" sizes=\"auto, (max-width: 1195px) 100vw, 1195px\" \/><\/a><figcaption class=\"wp-element-caption\">NOT: Bu yaz\u0131y\u0131 zaman\u0131n ge\u00e7ti\u011fini d\u00fc\u015f\u00fcnerek anasayfadan kald\u0131rd\u0131k. <\/figcaption><\/figure>\n","protected":false},"excerpt":{"rendered":"<p>turkelli.com web sitemizde neler de\u011fi\u015fti ?<\/p>\n","protected":false},"author":1,"featured_media":12279,"comment_status":"closed","ping_status":"closed","sticky":false,"template":"","format":"standard","meta":{"footnotes":""},"categories":[192,31],"tags":[],"hf_cat_post":[],"class_list":["post-12278","post","type-post","status-publish","format-standard","has-post-thumbnail","hentry","category-18-sakir-saglam","category-bilgiler"],"_links":{"self":[{"href":"https:\/\/turkelli.com\/wordpress\/wp-json\/wp\/v2\/posts\/12278","targetHints":{"allow":["GET"]}}],"collection":[{"href":"https:\/\/turkelli.com\/wordpress\/wp-json\/wp\/v2\/posts"}],"about":[{"href":"https:\/\/turkelli.com\/wordpress\/wp-json\/wp\/v2\/types\/post"}],"author":[{"embeddable":true,"href":"https:\/\/turkelli.com\/wordpress\/wp-json\/wp\/v2\/users\/1"}],"replies":[{"embeddable":true,"href":"https:\/\/turkelli.com\/wordpress\/wp-json\/wp\/v2\/comments?post=12278"}],"version-history":[{"count":6,"href":"https:\/\/turkelli.com\/wordpress\/wp-json\/wp\/v2\/posts\/12278\/revisions"}],"predecessor-version":[{"id":18114,"href":"https:\/\/turkelli.com\/wordpress\/wp-json\/wp\/v2\/posts\/12278\/revisions\/18114"}],"wp:featuredmedia":[{"embeddable":true,"href":"https:\/\/turkelli.com\/wordpress\/wp-json\/wp\/v2\/media\/12279"}],"wp:attachment":[{"href":"https:\/\/turkelli.com\/wordpress\/wp-json\/wp\/v2\/media?parent=12278"}],"wp:term":[{"taxonomy":"category","embeddable":true,"href":"https:\/\/turkelli.com\/wordpress\/wp-json\/wp\/v2\/categories?post=12278"},{"taxonomy":"post_tag","embeddable":true,"href":"https:\/\/turkelli.com\/wordpress\/wp-json\/wp\/v2\/tags?post=12278"},{"taxonomy":"hf_cat_post","embeddable":true,"href":"https:\/\/turkelli.com\/wordpress\/wp-json\/wp\/v2\/hf_cat_post?post=12278"}],"curies":[{"name":"wp","href":"https:\/\/api.w.org\/{rel}","templated":true}]}}